{"id":12833,"date":"2023-04-16T17:37:29","date_gmt":"2023-04-16T21:37:29","guid":{"rendered":"https:\/\/zero-gravite.ca\/danga-danse-yoga-au-centre-un-ventre\/"},"modified":"2023-05-02T10:50:49","modified_gmt":"2023-05-02T14:50:49","slug":"danga-danse-yoga-au-centre-un-ventre","status":"publish","type":"post","link":"https:\/\/zero-gravite.ca\/en\/danga-danse-yoga-au-centre-un-ventre\/","title":{"rendered":"DANGA (Danse \/ Yoga) &#8211; Au centre, un ventre&#8230;"},"content":{"rendered":"\n<h2 class=\"wp-block-heading\"><em>*** SOLD OUT ***<\/em><\/h2>\n\n<h4 class=\"wp-block-heading\"><strong>Saturday, May 6th from 2 p.m. to 4 p.m.<\/strong><\/h4>\n\n<p><\/p>\n\n<h4 class=\"wp-block-heading\"><strong>A Spring Workshop Abs\/Core\/Noyau\/Center<\/strong><\/h4>\n\n<p><\/p>\n\n<h6 class=\"wp-block-heading\"><strong>Offered by Myl\u00e8ne Roy!<\/strong><\/h6>\n\n<p><\/p>\n\n<p>Through multiple musical landscapes, the course of the workshop will alternate between fluid and structured yogic sequences, physical training targeting the different abdominal muscle layers, and then targeted dance improvisations (aimed at introspection and not performance), experimenting different aspects specific to the theme of the course.<\/p>\n\n<ul class=\"wp-block-list\">\n<li>Modes: tonic and fluid.<\/li>\n\n\n\n<li>Aligned and swayed.<\/li>\n\n\n\n<li>Athletic (for everyone) and candidly philosophical.<\/li>\n<\/ul>\n\n<p>In other words, an abs\/core\/core\/center spring-workshop proposing a trajectory that invites us to come into contact in a more personalized way with our belly as a &#8220;center&#8221;, whatever it is: pink, round , triangular, brown, hollow, full, cheerful or sad, soft, soft or knotted!<\/p>\n\n<p><strong>Regular price :<\/strong> $35+taxes (student\u2022s : $25+taxes)<\/p>\n\n<p><strong>Earlybird price (up to 7 days before the event)<\/strong>: $30+taxes (student\u2022s : $20+taxes)<\/p>\n\n<p><em>*** Hurry up! Places are limited (20)<\/em><\/p>\n\n<p><em>*** For your safety, do not come in case of inguinal hernia and pregnancy.<\/em><\/p>\n\n<p>Register right here :<\/p>\n\n<div class=\"wp-block-buttons is-layout-flex wp-block-buttons-is-layout-flex\">\n<div class=\"wp-block-button\"><a class=\"wp-block-button__link wp-element-button\" href=\"https:\/\/app.rockgympro.com\/b\/?bo=ace92bd0ff2b439a9da80e72f6339577&amp;lcg=b760dd1f900ca1d644be2fae4aed10910ede0415\">REGISTRATION<\/a><\/div>\n<\/div>\n\n<p>Hoping to see many of you there!<\/p>\n","protected":false},"excerpt":{"rendered":"<p>*** SOLD OUT *** Saturday, May 6th from 2 p.m. to 4 p.m. A Spring Workshop Abs\/Core\/Noyau\/Center Offered by Myl\u00e8ne Roy! Through multiple musical landscapes, the course of the workshop &hellip;<\/p>\n<p class=\"read-more\"> <a class=\"\" href=\"https:\/\/zero-gravite.ca\/en\/danga-danse-yoga-au-centre-un-ventre\/\"> <span class=\"screen-reader-text\">DANGA (Danse \/ Yoga) &#8211; Au centre, un ventre&#8230;<\/span> Read More &raquo;<\/a><\/p>\n","protected":false},"author":1,"featured_media":12831,"comment_status":"closed","ping_status":"closed","sticky":false,"template":"","format":"standard","meta":{"_mo_disable_npp":"","site-sidebar-layout":"default","site-content-layout":"default","ast-global-header-display":"","ast-main-header-display":"","ast-hfb-above-header-display":"","ast-hfb-below-header-display":"","ast-hfb-mobile-header-display":"","site-post-title":"","ast-breadcrumbs-content":"","ast-featured-img":"","footer-sml-layout":"","theme-transparent-header-meta":"","adv-header-id-meta":"","stick-header-meta":"","header-above-stick-meta":"","header-main-stick-meta":"","header-below-stick-meta":"","_EventAllDay":false,"_EventTimezone":"","_EventStartDate":"","_EventEndDate":"","_EventStartDateUTC":"","_EventEndDateUTC":"","_EventShowMap":false,"_EventShowMapLink":false,"_EventURL":"","_EventCost":"","_EventCostDescription":"","_EventCurrencySymbol":"","_EventCurrencyCode":"","_EventCurrencyPosition":"","_EventDateTimeSeparator":"","_EventTimeRangeSeparator":"","_EventOrganizerID":[],"_EventVenueID":[],"_OrganizerEmail":"","_OrganizerPhone":"","_OrganizerWebsite":"","_VenueAddress":"","_VenueCity":"","_VenueCountry":"","_VenueProvince":"","_VenueState":"","_VenueZip":"","_VenuePhone":"","_VenueURL":"","_VenueStateProvince":"","_VenueLat":"","_VenueLng":"","_VenueShowMap":false,"_VenueShowMapLink":false,"footnotes":""},"categories":[88],"tags":[],"class_list":["post-12833","post","type-post","status-publish","format-standard","has-post-thumbnail","hentry","category-yoga"],"yoast_head":"<!-- This site is optimized with the Yoast SEO plugin v22.7 - https:\/\/yoast.com\/wordpress\/plugins\/seo\/ -->\n<title>DANGA (Danse \/ Yoga) - Au centre, un ventre... | Z\u00e9ro Gravit\u00e9<\/title>\n<meta name=\"robots\" content=\"index, follow, max-snippet:-1, max-image-preview:large, max-video-preview:-1\" \/>\n<link rel=\"canonical\" href=\"https:\/\/zero-gravite.ca\/en\/danga-danse-yoga-au-centre-un-ventre\/\" \/>\n<meta property=\"og:locale\" content=\"en_US\" \/>\n<meta property=\"og:type\" content=\"article\" \/>\n<meta property=\"og:title\" content=\"DANGA (Danse \/ Yoga) - Au centre, un ventre... | Z\u00e9ro Gravit\u00e9\" \/>\n<meta property=\"og:description\" content=\"*** SOLD OUT *** Saturday, May 6th from 2 p.m. to 4 p.m. A Spring Workshop Abs\/Core\/Noyau\/Center Offered by Myl\u00e8ne Roy! Through multiple musical landscapes, the course of the workshop &hellip; DANGA (Danse \/ Yoga) &#8211; Au centre, un ventre&#8230; Read More &raquo;\" \/>\n<meta property=\"og:url\" content=\"https:\/\/zero-gravite.ca\/en\/danga-danse-yoga-au-centre-un-ventre\/\" \/>\n<meta property=\"og:site_name\" content=\"Z\u00e9ro Gravit\u00e9\" \/>\n<meta property=\"article:publisher\" content=\"https:\/\/www.facebook.com\/0gravite\" \/>\n<meta property=\"article:published_time\" content=\"2023-04-16T21:37:29+00:00\" \/>\n<meta property=\"article:modified_time\" content=\"2023-05-02T14:50:49+00:00\" \/>\n<meta property=\"og:image\" content=\"https:\/\/zero-gravite.ca\/wp-content\/uploads\/2023\/04\/dangaventre.jpg\" \/>\n\t<meta property=\"og:image:width\" content=\"940\" \/>\n\t<meta property=\"og:image:height\" content=\"788\" \/>\n\t<meta property=\"og:image:type\" content=\"image\/jpeg\" \/>\n<meta name=\"author\" content=\"vincent\" \/>\n<meta name=\"twitter:card\" content=\"summary_large_image\" \/>\n<meta name=\"twitter:label1\" content=\"Written by\" \/>\n\t<meta name=\"twitter:data1\" content=\"vincent\" \/>\n\t<meta name=\"twitter:label2\" content=\"Est. reading time\" \/>\n\t<meta name=\"twitter:data2\" content=\"1 minute\" \/>\n<script type=\"application\/ld+json\" class=\"yoast-schema-graph\">{\"@context\":\"https:\/\/schema.org\",\"@graph\":[{\"@type\":\"Article\",\"@id\":\"https:\/\/zero-gravite.ca\/en\/danga-danse-yoga-au-centre-un-ventre\/#article\",\"isPartOf\":{\"@id\":\"https:\/\/zero-gravite.ca\/en\/danga-danse-yoga-au-centre-un-ventre\/\"},\"author\":{\"name\":\"vincent\",\"@id\":\"https:\/\/zero-gravite.ca\/en\/#\/schema\/person\/cf4a1512b257bde8ff2741e6b1b667eb\"},\"headline\":\"DANGA (Danse \/ Yoga) &#8211; Au centre, un ventre&#8230;\",\"datePublished\":\"2023-04-16T21:37:29+00:00\",\"dateModified\":\"2023-05-02T14:50:49+00:00\",\"mainEntityOfPage\":{\"@id\":\"https:\/\/zero-gravite.ca\/en\/danga-danse-yoga-au-centre-un-ventre\/\"},\"wordCount\":183,\"publisher\":{\"@id\":\"https:\/\/zero-gravite.ca\/en\/#organization\"},\"image\":{\"@id\":\"https:\/\/zero-gravite.ca\/en\/danga-danse-yoga-au-centre-un-ventre\/#primaryimage\"},\"thumbnailUrl\":\"https:\/\/zero-gravite.ca\/wp-content\/uploads\/2023\/04\/dangaventre.jpg\",\"articleSection\":[\"Yoga\"],\"inLanguage\":\"en-US\"},{\"@type\":\"WebPage\",\"@id\":\"https:\/\/zero-gravite.ca\/en\/danga-danse-yoga-au-centre-un-ventre\/\",\"url\":\"https:\/\/zero-gravite.ca\/en\/danga-danse-yoga-au-centre-un-ventre\/\",\"name\":\"DANGA (Danse \/ Yoga) - Au centre, un ventre... | Z\u00e9ro Gravit\u00e9\",\"isPartOf\":{\"@id\":\"https:\/\/zero-gravite.ca\/en\/#website\"},\"primaryImageOfPage\":{\"@id\":\"https:\/\/zero-gravite.ca\/en\/danga-danse-yoga-au-centre-un-ventre\/#primaryimage\"},\"image\":{\"@id\":\"https:\/\/zero-gravite.ca\/en\/danga-danse-yoga-au-centre-un-ventre\/#primaryimage\"},\"thumbnailUrl\":\"https:\/\/zero-gravite.ca\/wp-content\/uploads\/2023\/04\/dangaventre.jpg\",\"datePublished\":\"2023-04-16T21:37:29+00:00\",\"dateModified\":\"2023-05-02T14:50:49+00:00\",\"breadcrumb\":{\"@id\":\"https:\/\/zero-gravite.ca\/en\/danga-danse-yoga-au-centre-un-ventre\/#breadcrumb\"},\"inLanguage\":\"en-US\",\"potentialAction\":[{\"@type\":\"ReadAction\",\"target\":[\"https:\/\/zero-gravite.ca\/en\/danga-danse-yoga-au-centre-un-ventre\/\"]}]},{\"@type\":\"ImageObject\",\"inLanguage\":\"en-US\",\"@id\":\"https:\/\/zero-gravite.ca\/en\/danga-danse-yoga-au-centre-un-ventre\/#primaryimage\",\"url\":\"https:\/\/zero-gravite.ca\/wp-content\/uploads\/2023\/04\/dangaventre.jpg\",\"contentUrl\":\"https:\/\/zero-gravite.ca\/wp-content\/uploads\/2023\/04\/dangaventre.jpg\",\"width\":940,\"height\":788},{\"@type\":\"BreadcrumbList\",\"@id\":\"https:\/\/zero-gravite.ca\/en\/danga-danse-yoga-au-centre-un-ventre\/#breadcrumb\",\"itemListElement\":[{\"@type\":\"ListItem\",\"position\":1,\"name\":\"Accueil\",\"item\":\"https:\/\/zero-gravite.ca\/en\/\"},{\"@type\":\"ListItem\",\"position\":2,\"name\":\"DANGA (Danse \/ Yoga) &#8211; Au centre, un ventre&#8230;\"}]},{\"@type\":\"WebSite\",\"@id\":\"https:\/\/zero-gravite.ca\/en\/#website\",\"url\":\"https:\/\/zero-gravite.ca\/en\/\",\"name\":\"Z\u00e9ro Gravit\u00e9\",\"description\":\"Escalade et yoga au coeur de Montr\u00e9al\",\"publisher\":{\"@id\":\"https:\/\/zero-gravite.ca\/en\/#organization\"},\"potentialAction\":[{\"@type\":\"SearchAction\",\"target\":{\"@type\":\"EntryPoint\",\"urlTemplate\":\"https:\/\/zero-gravite.ca\/en\/?s={search_term_string}\"},\"query-input\":\"required name=search_term_string\"}],\"inLanguage\":\"en-US\"},{\"@type\":\"Organization\",\"@id\":\"https:\/\/zero-gravite.ca\/en\/#organization\",\"name\":\"Z\u00e9ro Gravit\u00e9 escalade & yoga\",\"url\":\"https:\/\/zero-gravite.ca\/en\/\",\"logo\":{\"@type\":\"ImageObject\",\"inLanguage\":\"en-US\",\"@id\":\"https:\/\/zero-gravite.ca\/en\/#\/schema\/logo\/image\/\",\"url\":\"https:\/\/zero-gravite.ca\/wp-content\/uploads\/2022\/02\/ZG_Logo_Classic_CMYK.png\",\"contentUrl\":\"https:\/\/zero-gravite.ca\/wp-content\/uploads\/2022\/02\/ZG_Logo_Classic_CMYK.png\",\"width\":1777,\"height\":1600,\"caption\":\"Z\u00e9ro Gravit\u00e9 escalade & yoga\"},\"image\":{\"@id\":\"https:\/\/zero-gravite.ca\/en\/#\/schema\/logo\/image\/\"},\"sameAs\":[\"https:\/\/www.facebook.com\/0gravite\",\"https:\/\/www.instagram.com\/zero.gravite\"]},{\"@type\":\"Person\",\"@id\":\"https:\/\/zero-gravite.ca\/en\/#\/schema\/person\/cf4a1512b257bde8ff2741e6b1b667eb\",\"name\":\"vincent\",\"image\":{\"@type\":\"ImageObject\",\"inLanguage\":\"en-US\",\"@id\":\"https:\/\/zero-gravite.ca\/en\/#\/schema\/person\/image\/\",\"url\":\"https:\/\/secure.gravatar.com\/avatar\/3d6c11fdb4bc495f943d118f881e19a7d67a8bcc83935f976b33f039add2d219?s=96&d=mm&r=g\",\"contentUrl\":\"https:\/\/secure.gravatar.com\/avatar\/3d6c11fdb4bc495f943d118f881e19a7d67a8bcc83935f976b33f039add2d219?s=96&d=mm&r=g\",\"caption\":\"vincent\"},\"sameAs\":[\"https:\/\/zero-gravite.ca\/2020\"]}]}<\/script>\n<!-- \/ Yoast SEO plugin. -->","yoast_head_json":{"title":"DANGA (Danse \/ Yoga) - Au centre, un ventre... | Z\u00e9ro Gravit\u00e9","robots":{"index":"index","follow":"follow","max-snippet":"max-snippet:-1","max-image-preview":"max-image-preview:large","max-video-preview":"max-video-preview:-1"},"canonical":"https:\/\/zero-gravite.ca\/en\/danga-danse-yoga-au-centre-un-ventre\/","og_locale":"en_US","og_type":"article","og_title":"DANGA (Danse \/ Yoga) - Au centre, un ventre... | Z\u00e9ro Gravit\u00e9","og_description":"*** SOLD OUT *** Saturday, May 6th from 2 p.m. to 4 p.m. A Spring Workshop Abs\/Core\/Noyau\/Center Offered by Myl\u00e8ne Roy! Through multiple musical landscapes, the course of the workshop &hellip; DANGA (Danse \/ Yoga) &#8211; Au centre, un ventre&#8230; Read More &raquo;","og_url":"https:\/\/zero-gravite.ca\/en\/danga-danse-yoga-au-centre-un-ventre\/","og_site_name":"Z\u00e9ro Gravit\u00e9","article_publisher":"https:\/\/www.facebook.com\/0gravite","article_published_time":"2023-04-16T21:37:29+00:00","article_modified_time":"2023-05-02T14:50:49+00:00","og_image":[{"width":940,"height":788,"url":"https:\/\/zero-gravite.ca\/wp-content\/uploads\/2023\/04\/dangaventre.jpg","type":"image\/jpeg"}],"author":"vincent","twitter_card":"summary_large_image","twitter_misc":{"Written by":"vincent","Est. reading time":"1 minute"},"schema":{"@context":"https:\/\/schema.org","@graph":[{"@type":"Article","@id":"https:\/\/zero-gravite.ca\/en\/danga-danse-yoga-au-centre-un-ventre\/#article","isPartOf":{"@id":"https:\/\/zero-gravite.ca\/en\/danga-danse-yoga-au-centre-un-ventre\/"},"author":{"name":"vincent","@id":"https:\/\/zero-gravite.ca\/en\/#\/schema\/person\/cf4a1512b257bde8ff2741e6b1b667eb"},"headline":"DANGA (Danse \/ Yoga) &#8211; Au centre, un ventre&#8230;","datePublished":"2023-04-16T21:37:29+00:00","dateModified":"2023-05-02T14:50:49+00:00","mainEntityOfPage":{"@id":"https:\/\/zero-gravite.ca\/en\/danga-danse-yoga-au-centre-un-ventre\/"},"wordCount":183,"publisher":{"@id":"https:\/\/zero-gravite.ca\/en\/#organization"},"image":{"@id":"https:\/\/zero-gravite.ca\/en\/danga-danse-yoga-au-centre-un-ventre\/#primaryimage"},"thumbnailUrl":"https:\/\/zero-gravite.ca\/wp-content\/uploads\/2023\/04\/dangaventre.jpg","articleSection":["Yoga"],"inLanguage":"en-US"},{"@type":"WebPage","@id":"https:\/\/zero-gravite.ca\/en\/danga-danse-yoga-au-centre-un-ventre\/","url":"https:\/\/zero-gravite.ca\/en\/danga-danse-yoga-au-centre-un-ventre\/","name":"DANGA (Danse \/ Yoga) - Au centre, un ventre... | Z\u00e9ro Gravit\u00e9","isPartOf":{"@id":"https:\/\/zero-gravite.ca\/en\/#website"},"primaryImageOfPage":{"@id":"https:\/\/zero-gravite.ca\/en\/danga-danse-yoga-au-centre-un-ventre\/#primaryimage"},"image":{"@id":"https:\/\/zero-gravite.ca\/en\/danga-danse-yoga-au-centre-un-ventre\/#primaryimage"},"thumbnailUrl":"https:\/\/zero-gravite.ca\/wp-content\/uploads\/2023\/04\/dangaventre.jpg","datePublished":"2023-04-16T21:37:29+00:00","dateModified":"2023-05-02T14:50:49+00:00","breadcrumb":{"@id":"https:\/\/zero-gravite.ca\/en\/danga-danse-yoga-au-centre-un-ventre\/#breadcrumb"},"inLanguage":"en-US","potentialAction":[{"@type":"ReadAction","target":["https:\/\/zero-gravite.ca\/en\/danga-danse-yoga-au-centre-un-ventre\/"]}]},{"@type":"ImageObject","inLanguage":"en-US","@id":"https:\/\/zero-gravite.ca\/en\/danga-danse-yoga-au-centre-un-ventre\/#primaryimage","url":"https:\/\/zero-gravite.ca\/wp-content\/uploads\/2023\/04\/dangaventre.jpg","contentUrl":"https:\/\/zero-gravite.ca\/wp-content\/uploads\/2023\/04\/dangaventre.jpg","width":940,"height":788},{"@type":"BreadcrumbList","@id":"https:\/\/zero-gravite.ca\/en\/danga-danse-yoga-au-centre-un-ventre\/#breadcrumb","itemListElement":[{"@type":"ListItem","position":1,"name":"Accueil","item":"https:\/\/zero-gravite.ca\/en\/"},{"@type":"ListItem","position":2,"name":"DANGA (Danse \/ Yoga) &#8211; Au centre, un ventre&#8230;"}]},{"@type":"WebSite","@id":"https:\/\/zero-gravite.ca\/en\/#website","url":"https:\/\/zero-gravite.ca\/en\/","name":"Z\u00e9ro Gravit\u00e9","description":"Escalade et yoga au coeur de Montr\u00e9al","publisher":{"@id":"https:\/\/zero-gravite.ca\/en\/#organization"},"potentialAction":[{"@type":"SearchAction","target":{"@type":"EntryPoint","urlTemplate":"https:\/\/zero-gravite.ca\/en\/?s={search_term_string}"},"query-input":"required name=search_term_string"}],"inLanguage":"en-US"},{"@type":"Organization","@id":"https:\/\/zero-gravite.ca\/en\/#organization","name":"Z\u00e9ro Gravit\u00e9 escalade & yoga","url":"https:\/\/zero-gravite.ca\/en\/","logo":{"@type":"ImageObject","inLanguage":"en-US","@id":"https:\/\/zero-gravite.ca\/en\/#\/schema\/logo\/image\/","url":"https:\/\/zero-gravite.ca\/wp-content\/uploads\/2022\/02\/ZG_Logo_Classic_CMYK.png","contentUrl":"https:\/\/zero-gravite.ca\/wp-content\/uploads\/2022\/02\/ZG_Logo_Classic_CMYK.png","width":1777,"height":1600,"caption":"Z\u00e9ro Gravit\u00e9 escalade & yoga"},"image":{"@id":"https:\/\/zero-gravite.ca\/en\/#\/schema\/logo\/image\/"},"sameAs":["https:\/\/www.facebook.com\/0gravite","https:\/\/www.instagram.com\/zero.gravite"]},{"@type":"Person","@id":"https:\/\/zero-gravite.ca\/en\/#\/schema\/person\/cf4a1512b257bde8ff2741e6b1b667eb","name":"vincent","image":{"@type":"ImageObject","inLanguage":"en-US","@id":"https:\/\/zero-gravite.ca\/en\/#\/schema\/person\/image\/","url":"https:\/\/secure.gravatar.com\/avatar\/3d6c11fdb4bc495f943d118f881e19a7d67a8bcc83935f976b33f039add2d219?s=96&d=mm&r=g","contentUrl":"https:\/\/secure.gravatar.com\/avatar\/3d6c11fdb4bc495f943d118f881e19a7d67a8bcc83935f976b33f039add2d219?s=96&d=mm&r=g","caption":"vincent"},"sameAs":["https:\/\/zero-gravite.ca\/2020"]}]}},"publishpress_future_action":{"enabled":false,"date":"2026-05-07 03:11:49","action":"change-status","newStatus":"draft","terms":[],"taxonomy":"category"},"_links":{"self":[{"href":"https:\/\/zero-gravite.ca\/en\/wp-json\/wp\/v2\/posts\/12833","targetHints":{"allow":["GET"]}}],"collection":[{"href":"https:\/\/zero-gravite.ca\/en\/wp-json\/wp\/v2\/posts"}],"about":[{"href":"https:\/\/zero-gravite.ca\/en\/wp-json\/wp\/v2\/types\/post"}],"author":[{"embeddable":true,"href":"https:\/\/zero-gravite.ca\/en\/wp-json\/wp\/v2\/users\/1"}],"replies":[{"embeddable":true,"href":"https:\/\/zero-gravite.ca\/en\/wp-json\/wp\/v2\/comments?post=12833"}],"version-history":[{"count":4,"href":"https:\/\/zero-gravite.ca\/en\/wp-json\/wp\/v2\/posts\/12833\/revisions"}],"predecessor-version":[{"id":12890,"href":"https:\/\/zero-gravite.ca\/en\/wp-json\/wp\/v2\/posts\/12833\/revisions\/12890"}],"wp:featuredmedia":[{"embeddable":true,"href":"https:\/\/zero-gravite.ca\/en\/wp-json\/wp\/v2\/media\/12831"}],"wp:attachment":[{"href":"https:\/\/zero-gravite.ca\/en\/wp-json\/wp\/v2\/media?parent=12833"}],"wp:term":[{"taxonomy":"category","embeddable":true,"href":"https:\/\/zero-gravite.ca\/en\/wp-json\/wp\/v2\/categories?post=12833"},{"taxonomy":"post_tag","embeddable":true,"href":"https:\/\/zero-gravite.ca\/en\/wp-json\/wp\/v2\/tags?post=12833"}],"curies":[{"name":"wp","href":"https:\/\/api.w.org\/{rel}","templated":true}]}}