{"id":21844,"date":"2026-03-24T14:02:55","date_gmt":"2026-03-24T18:02:55","guid":{"rendered":"https:\/\/zero-gravite.ca\/formation-professorale-le-yoga-au-dela-dune-pratique-physique\/"},"modified":"2026-03-24T15:24:51","modified_gmt":"2026-03-24T19:24:51","slug":"formation-professorale-le-yoga-au-dela-dune-pratique-physique","status":"publish","type":"post","link":"https:\/\/zero-gravite.ca\/en\/formation-professorale-le-yoga-au-dela-dune-pratique-physique\/","title":{"rendered":"Zero Gravity Yoga Teacher Training : Yoga Beyond a Physical Practice"},"content":{"rendered":"\n<p>I asked the students currently training to become teachers at Z\u00e9ro Gravit\u00e9 to share their thoughts on this experience. Their accounts reveal a journey that goes far beyond simply mastering the poses: an immersion in the philosophy of yoga, a personal transformation, and a redefining of their relationship with the world. <\/p>\n\n<h2 class=\"wp-block-heading\"><strong>A holistic and personalized learning experience<\/strong><\/h2>\n\n<div class=\"wp-block-media-text has-media-on-the-right is-stacked-on-mobile\" style=\"grid-template-columns:auto 35%\"><div class=\"wp-block-media-text__content\">\n<p>Several participants were already practicing yoga regularly before joining the training program. Their primary motivation was to go beyond the physical aspect and embrace this discipline as a way of life. The 200-hour teacher training program, spread over approximately seven months, is designed to fulfill this aspiration.  <\/p>\n\n\n\n<p>Led by Fran\u00e7ois, a yoga instructor at Z\u00e9ro Gravit\u00e9, the training takes place on Friday afternoons and every other Saturday. It is structured around the eight pillars of yoga, offering a balance between theory and practice. The goal is to provide students with a solid foundation, both technically and philosophically, while adapting these ancient teachings to the modern world.  <\/p>\n\n\n\n<p>The training covers several key modules, including asanas (postures) and their alignment, the philosophical system of yoga, the subtle anatomy of the body, and, finally, teaching methodology for those who wish to teach.<\/p>\n\n\n\n<p>These lessons aren&#8217;t limited to the classroom: Fran\u00e7ois encourages students to incorporate them into their daily lives, thereby fostering their critical thinking and their ability to apply this philosophy to every aspect of their lives.<\/p>\n\n\n\n<p>The program\u2019s small-group format and extended duration are major strengths, allowing for personalized guidance and a gradual immersion into the field. Students even have the opportunity to teach a real yoga class under supervision, providing hands-on experience that helps them understand the role of a yoga teacher. <\/p>\n<\/div><figure class=\"wp-block-media-text__media\"><img fetchpriority=\"high\" decoding=\"async\" width=\"683\" height=\"1024\" src=\"https:\/\/zero-gravite.ca\/wp-content\/uploads\/2026\/03\/DSCF5187.2-683x1024.jpg\" alt=\"\" class=\"wp-image-21835 size-full\" srcset=\"https:\/\/zero-gravite.ca\/wp-content\/uploads\/2026\/03\/DSCF5187.2-683x1024.jpg 683w, https:\/\/zero-gravite.ca\/wp-content\/uploads\/2026\/03\/DSCF5187.2-200x300.jpg 200w, https:\/\/zero-gravite.ca\/wp-content\/uploads\/2026\/03\/DSCF5187.2-768x1152.jpg 768w, https:\/\/zero-gravite.ca\/wp-content\/uploads\/2026\/03\/DSCF5187.2-1024x1536.jpg 1024w, https:\/\/zero-gravite.ca\/wp-content\/uploads\/2026\/03\/DSCF5187.2-1365x2048.jpg 1365w, https:\/\/zero-gravite.ca\/wp-content\/uploads\/2026\/03\/DSCF5187.2-scaled.jpg 1707w\" sizes=\"(max-width: 683px) 100vw, 683px\" \/><\/figure><\/div>\n\n<p>For the participants, the training was also an opportunity to rethink the role of the teacher. Teachers are no longer seen simply as transmitters of knowledge, but as guides and sources of inspiration who share their personal practice and experience as yogis. As one student noted: \u201cA yoga teacher is someone who shares their practice and their life experiences, and guides others in their spiritual development through the philosophy of yoga.\u201d  <\/p>\n\n<h2 class=\"wp-block-heading\"><strong>A quest for personal growth, above all else<\/strong><\/h2>\n\n<p>Contrary to what one might think, most students did not enroll in the program with the intention of becoming teachers. Their primary motivation was personal growth: they saw the program as a guide to deepening their practice and self-understanding. For some, however, the idea of teaching emerged over the course of several months as a natural progression of this journey.  <\/p>\n\n<p><em>\u201cThe training gave me a toolkit to continue my practice in greater depth and share it with those around me.\u201d<\/em><\/p>\n\n<p>For others, once these classes are over, they see the teaching of yoga \u201cas a sharing of knowledge that ultimately seeks to unite us\u2014both with all aspects of ourselves and with the people we meet.\u201d<\/p>\n\n<p>By meeting every week for several months, the students were able to reconnect with yoga\u2019s original essence. In our Western societies, yoga is often reduced to a mere physical activity, far removed from its Indian roots dating back more than 5,000 years. Yet it is, above all, a spiritual and meditative discipline aimed at fostering awareness of the union of body and mind.  <\/p>\n\n<p>In particular, the students explored the Yamas and Niyamas (rules of social and personal conduct) and the chakras to reflect on their identity and personal growth, and developed a practice centered on the eight limbs of yoga as a guide to better understanding their inner and outer worlds. Several of them described it as a transformative learning experience, sharing, for example: \u201cNow, my yoga practice is no longer limited to the mat: it extends to my whole life.\u201d or <em> \u201cThe yamas and niyamas\u2014these ways of relating to oneself and others\u2014have been the most impactful lessons for me, since I never imagined yoga would go so deep. I try to practice these two limbs of Ashtanga every day. Learning the eight limbs will stay with me as I continue to explore my inner world and understand the world around me.\u201d <\/em> <em>\u00bb<\/em><\/p>\n\n<div class=\"wp-block-media-text is-stacked-on-mobile\"><figure class=\"wp-block-media-text__media\"><img decoding=\"async\" width=\"1024\" height=\"683\" src=\"https:\/\/zero-gravite.ca\/wp-content\/uploads\/2026\/03\/DSCF5176.2-1024x683.jpg\" alt=\"\" class=\"wp-image-21837 size-full\" srcset=\"https:\/\/zero-gravite.ca\/wp-content\/uploads\/2026\/03\/DSCF5176.2-1024x683.jpg 1024w, https:\/\/zero-gravite.ca\/wp-content\/uploads\/2026\/03\/DSCF5176.2-300x200.jpg 300w, https:\/\/zero-gravite.ca\/wp-content\/uploads\/2026\/03\/DSCF5176.2-768x512.jpg 768w, https:\/\/zero-gravite.ca\/wp-content\/uploads\/2026\/03\/DSCF5176.2-1536x1024.jpg 1536w, https:\/\/zero-gravite.ca\/wp-content\/uploads\/2026\/03\/DSCF5176.2-2048x1366.jpg 2048w\" sizes=\"(max-width: 1024px) 100vw, 1024px\" \/><\/figure><div class=\"wp-block-media-text__content\">\n<p><strong>A word of advice for prospective students<\/strong><\/p>\n\n\n\n<p>For those thinking about starting a business, one piece of advice comes up often:<\/p>\n\n\n\n<p>\u201cMy advice to future students would be to fully grasp the tools that the philosophy of yoga offers for a deeper understanding of oneself, and to take the time to settle into them and grow alongside the training. The teacher training program at Z\u00e9ro Gravit\u00e9 is much more than just technical instruction: it is a transformative experience, an invitation to integrate yoga as a philosophy of life, and to use it as a catalyst for personal and spiritual growth. Through the inspiring stories of these current teacher training students, the call to join this adventure becomes irresistible! <\/p>\n<\/div><\/div>\n\n<p>Thank you to the students in the teacher training program and to Fran\u00e7ois Lacerte for their responses, which made this article possible. <\/p>\n\n<p><\/p>\n","protected":false},"excerpt":{"rendered":"<p>I asked the students currently training to become teachers at Z\u00e9ro Gravit\u00e9 to share their thoughts on this experience. Their accounts reveal a journey that goes far beyond simply mastering the poses: an immersion in the philosophy of yoga, a personal transformation, and a redefining of their relationship with the world. <\/p>\n","protected":false},"author":23,"featured_media":21843,"comment_status":"closed","ping_status":"closed","sticky":false,"template":"","format":"standard","meta":{"_mo_disable_npp":"","site-sidebar-layout":"default","site-content-layout":"default","ast-global-header-display":"","ast-main-header-display":"","ast-hfb-above-header-display":"","ast-hfb-below-header-display":"","ast-hfb-mobile-header-display":"","site-post-title":"","ast-breadcrumbs-content":"","ast-featured-img":"disabled","footer-sml-layout":"","theme-transparent-header-meta":"","adv-header-id-meta":"","stick-header-meta":"","header-above-stick-meta":"","header-main-stick-meta":"","header-below-stick-meta":"","_EventAllDay":false,"_EventTimezone":"","_EventStartDate":"","_EventEndDate":"","_EventStartDateUTC":"","_EventEndDateUTC":"","_EventShowMap":false,"_EventShowMapLink":false,"_EventURL":"","_EventCost":"","_EventCostDescription":"","_EventCurrencySymbol":"","_EventCurrencyCode":"","_EventCurrencyPosition":"","_EventDateTimeSeparator":"","_EventTimeRangeSeparator":"","_EventOrganizerID":[],"_EventVenueID":[],"_OrganizerEmail":"","_OrganizerPhone":"","_OrganizerWebsite":"","_VenueAddress":"","_VenueCity":"","_VenueCountry":"","_VenueProvince":"","_VenueState":"","_VenueZip":"","_VenuePhone":"","_VenueURL":"","_VenueStateProvince":"","_VenueLat":"","_VenueLng":"","_VenueShowMap":false,"_VenueShowMapLink":false,"footnotes":""},"categories":[465],"tags":[],"class_list":["post-21844","post","type-post","status-publish","format-standard","has-post-thumbnail","hentry","category-blog"],"yoast_head":"<!-- This site is optimized with the Yoast SEO plugin v22.7 - https:\/\/yoast.com\/wordpress\/plugins\/seo\/ -->\n<title>Z\u00e9ro Gravit\u00e9 | Z\u00e9ro Gravit\u00e9<\/title>\n<meta name=\"description\" content=\"Led by Fran\u00e7ois, a yoga instructor at Z\u00e9ro Gravit\u00e9, the training takes place on Friday afternoons and every other Saturday. It is structured around the eight pillars of yoga, offering a balance between theory and practice. The goal is to provide students with a solid foundation, both technically and philosophically, while adapting these ancient teachings to the modern world.\" \/>\n<meta name=\"robots\" content=\"index, follow, max-snippet:-1, max-image-preview:large, max-video-preview:-1\" \/>\n<link rel=\"canonical\" href=\"https:\/\/zero-gravite.ca\/en\/formation-professorale-le-yoga-au-dela-dune-pratique-physique\/\" \/>\n<meta property=\"og:locale\" content=\"en_US\" \/>\n<meta property=\"og:type\" content=\"article\" \/>\n<meta property=\"og:title\" content=\"Z\u00e9ro Gravit\u00e9 | Z\u00e9ro Gravit\u00e9\" \/>\n<meta property=\"og:description\" content=\"Led by Fran\u00e7ois, a yoga instructor at Z\u00e9ro Gravit\u00e9, the training takes place on Friday afternoons and every other Saturday. It is structured around the eight pillars of yoga, offering a balance between theory and practice. The goal is to provide students with a solid foundation, both technically and philosophically, while adapting these ancient teachings to the modern world.\" \/>\n<meta property=\"og:url\" content=\"https:\/\/zero-gravite.ca\/en\/formation-professorale-le-yoga-au-dela-dune-pratique-physique\/\" \/>\n<meta property=\"og:site_name\" content=\"Z\u00e9ro Gravit\u00e9\" \/>\n<meta property=\"article:publisher\" content=\"https:\/\/www.facebook.com\/0gravite\" \/>\n<meta property=\"article:published_time\" content=\"2026-03-24T18:02:55+00:00\" \/>\n<meta property=\"article:modified_time\" content=\"2026-03-24T19:24:51+00:00\" \/>\n<meta property=\"og:image\" content=\"https:\/\/zero-gravite.ca\/wp-content\/uploads\/2026\/03\/ZG_GABARIT_PUB-BLOGUE_formationPro_web-scaled.jpg\" \/>\n\t<meta property=\"og:image:width\" content=\"2048\" \/>\n\t<meta property=\"og:image:height\" content=\"2560\" \/>\n\t<meta property=\"og:image:type\" content=\"image\/jpeg\" \/>\n<meta name=\"author\" content=\"communication\" \/>\n<meta name=\"twitter:card\" content=\"summary_large_image\" \/>\n<meta name=\"twitter:label1\" content=\"Written by\" \/>\n\t<meta name=\"twitter:data1\" content=\"communication\" \/>\n\t<meta name=\"twitter:label2\" content=\"Est. reading time\" \/>\n\t<meta name=\"twitter:data2\" content=\"4 minutes\" \/>\n<script type=\"application\/ld+json\" class=\"yoast-schema-graph\">{\"@context\":\"https:\/\/schema.org\",\"@graph\":[{\"@type\":\"Article\",\"@id\":\"https:\/\/zero-gravite.ca\/en\/formation-professorale-le-yoga-au-dela-dune-pratique-physique\/#article\",\"isPartOf\":{\"@id\":\"https:\/\/zero-gravite.ca\/en\/formation-professorale-le-yoga-au-dela-dune-pratique-physique\/\"},\"author\":{\"name\":\"communication\",\"@id\":\"https:\/\/zero-gravite.ca\/en\/#\/schema\/person\/bd12ca24d16588c3cea79c2d92005c73\"},\"headline\":\"Zero Gravity Yoga Teacher Training : Yoga Beyond a Physical Practice\",\"datePublished\":\"2026-03-24T18:02:55+00:00\",\"dateModified\":\"2026-03-24T19:24:51+00:00\",\"mainEntityOfPage\":{\"@id\":\"https:\/\/zero-gravite.ca\/en\/formation-professorale-le-yoga-au-dela-dune-pratique-physique\/\"},\"wordCount\":835,\"publisher\":{\"@id\":\"https:\/\/zero-gravite.ca\/en\/#organization\"},\"image\":{\"@id\":\"https:\/\/zero-gravite.ca\/en\/formation-professorale-le-yoga-au-dela-dune-pratique-physique\/#primaryimage\"},\"thumbnailUrl\":\"https:\/\/zero-gravite.ca\/wp-content\/uploads\/2026\/03\/ZG_GABARIT_PUB-BLOGUE_formationPro_web-scaled.jpg\",\"articleSection\":[\"Blog\"],\"inLanguage\":\"en-US\"},{\"@type\":\"WebPage\",\"@id\":\"https:\/\/zero-gravite.ca\/en\/formation-professorale-le-yoga-au-dela-dune-pratique-physique\/\",\"url\":\"https:\/\/zero-gravite.ca\/en\/formation-professorale-le-yoga-au-dela-dune-pratique-physique\/\",\"name\":\"Z\u00e9ro Gravit\u00e9 | Z\u00e9ro Gravit\u00e9\",\"isPartOf\":{\"@id\":\"https:\/\/zero-gravite.ca\/en\/#website\"},\"primaryImageOfPage\":{\"@id\":\"https:\/\/zero-gravite.ca\/en\/formation-professorale-le-yoga-au-dela-dune-pratique-physique\/#primaryimage\"},\"image\":{\"@id\":\"https:\/\/zero-gravite.ca\/en\/formation-professorale-le-yoga-au-dela-dune-pratique-physique\/#primaryimage\"},\"thumbnailUrl\":\"https:\/\/zero-gravite.ca\/wp-content\/uploads\/2026\/03\/ZG_GABARIT_PUB-BLOGUE_formationPro_web-scaled.jpg\",\"datePublished\":\"2026-03-24T18:02:55+00:00\",\"dateModified\":\"2026-03-24T19:24:51+00:00\",\"description\":\"Led by Fran\u00e7ois, a yoga instructor at Z\u00e9ro Gravit\u00e9, the training takes place on Friday afternoons and every other Saturday. It is structured around the eight pillars of yoga, offering a balance between theory and practice. The goal is to provide students with a solid foundation, both technically and philosophically, while adapting these ancient teachings to the modern world.\",\"breadcrumb\":{\"@id\":\"https:\/\/zero-gravite.ca\/en\/formation-professorale-le-yoga-au-dela-dune-pratique-physique\/#breadcrumb\"},\"inLanguage\":\"en-US\",\"potentialAction\":[{\"@type\":\"ReadAction\",\"target\":[\"https:\/\/zero-gravite.ca\/en\/formation-professorale-le-yoga-au-dela-dune-pratique-physique\/\"]}]},{\"@type\":\"ImageObject\",\"inLanguage\":\"en-US\",\"@id\":\"https:\/\/zero-gravite.ca\/en\/formation-professorale-le-yoga-au-dela-dune-pratique-physique\/#primaryimage\",\"url\":\"https:\/\/zero-gravite.ca\/wp-content\/uploads\/2026\/03\/ZG_GABARIT_PUB-BLOGUE_formationPro_web-scaled.jpg\",\"contentUrl\":\"https:\/\/zero-gravite.ca\/wp-content\/uploads\/2026\/03\/ZG_GABARIT_PUB-BLOGUE_formationPro_web-scaled.jpg\",\"width\":2048,\"height\":2560,\"caption\":\"Formation Professorale de yoga, Z\u00e9ro Gravit\u00e9 Yoga & escalade Montr\u00e9al\"},{\"@type\":\"BreadcrumbList\",\"@id\":\"https:\/\/zero-gravite.ca\/en\/formation-professorale-le-yoga-au-dela-dune-pratique-physique\/#breadcrumb\",\"itemListElement\":[{\"@type\":\"ListItem\",\"position\":1,\"name\":\"Accueil\",\"item\":\"https:\/\/zero-gravite.ca\/en\/\"},{\"@type\":\"ListItem\",\"position\":2,\"name\":\"Zero Gravity Yoga Teacher Training : Yoga Beyond a Physical Practice\"}]},{\"@type\":\"WebSite\",\"@id\":\"https:\/\/zero-gravite.ca\/en\/#website\",\"url\":\"https:\/\/zero-gravite.ca\/en\/\",\"name\":\"Z\u00e9ro Gravit\u00e9\",\"description\":\"Escalade et yoga au coeur de Montr\u00e9al\",\"publisher\":{\"@id\":\"https:\/\/zero-gravite.ca\/en\/#organization\"},\"potentialAction\":[{\"@type\":\"SearchAction\",\"target\":{\"@type\":\"EntryPoint\",\"urlTemplate\":\"https:\/\/zero-gravite.ca\/en\/?s={search_term_string}\"},\"query-input\":\"required name=search_term_string\"}],\"inLanguage\":\"en-US\"},{\"@type\":\"Organization\",\"@id\":\"https:\/\/zero-gravite.ca\/en\/#organization\",\"name\":\"Z\u00e9ro Gravit\u00e9 escalade & yoga\",\"url\":\"https:\/\/zero-gravite.ca\/en\/\",\"logo\":{\"@type\":\"ImageObject\",\"inLanguage\":\"en-US\",\"@id\":\"https:\/\/zero-gravite.ca\/en\/#\/schema\/logo\/image\/\",\"url\":\"https:\/\/zero-gravite.ca\/wp-content\/uploads\/2022\/02\/ZG_Logo_Classic_CMYK.png\",\"contentUrl\":\"https:\/\/zero-gravite.ca\/wp-content\/uploads\/2022\/02\/ZG_Logo_Classic_CMYK.png\",\"width\":1777,\"height\":1600,\"caption\":\"Z\u00e9ro Gravit\u00e9 escalade & yoga\"},\"image\":{\"@id\":\"https:\/\/zero-gravite.ca\/en\/#\/schema\/logo\/image\/\"},\"sameAs\":[\"https:\/\/www.facebook.com\/0gravite\",\"https:\/\/www.instagram.com\/zero.gravite\"]},{\"@type\":\"Person\",\"@id\":\"https:\/\/zero-gravite.ca\/en\/#\/schema\/person\/bd12ca24d16588c3cea79c2d92005c73\",\"name\":\"communication\",\"image\":{\"@type\":\"ImageObject\",\"inLanguage\":\"en-US\",\"@id\":\"https:\/\/zero-gravite.ca\/en\/#\/schema\/person\/image\/\",\"url\":\"https:\/\/secure.gravatar.com\/avatar\/0643c0ff9239ad3e360cec6bda16d461ff9fd2ec3db30dae6a0a3e24fda13de6?s=96&d=mm&r=g\",\"contentUrl\":\"https:\/\/secure.gravatar.com\/avatar\/0643c0ff9239ad3e360cec6bda16d461ff9fd2ec3db30dae6a0a3e24fda13de6?s=96&d=mm&r=g\",\"caption\":\"communication\"}}]}<\/script>\n<!-- \/ Yoast SEO plugin. -->","yoast_head_json":{"title":"Z\u00e9ro Gravit\u00e9 | Z\u00e9ro Gravit\u00e9","description":"Led by Fran\u00e7ois, a yoga instructor at Z\u00e9ro Gravit\u00e9, the training takes place on Friday afternoons and every other Saturday. It is structured around the eight pillars of yoga, offering a balance between theory and practice. The goal is to provide students with a solid foundation, both technically and philosophically, while adapting these ancient teachings to the modern world.","robots":{"index":"index","follow":"follow","max-snippet":"max-snippet:-1","max-image-preview":"max-image-preview:large","max-video-preview":"max-video-preview:-1"},"canonical":"https:\/\/zero-gravite.ca\/en\/formation-professorale-le-yoga-au-dela-dune-pratique-physique\/","og_locale":"en_US","og_type":"article","og_title":"Z\u00e9ro Gravit\u00e9 | Z\u00e9ro Gravit\u00e9","og_description":"Led by Fran\u00e7ois, a yoga instructor at Z\u00e9ro Gravit\u00e9, the training takes place on Friday afternoons and every other Saturday. It is structured around the eight pillars of yoga, offering a balance between theory and practice. The goal is to provide students with a solid foundation, both technically and philosophically, while adapting these ancient teachings to the modern world.","og_url":"https:\/\/zero-gravite.ca\/en\/formation-professorale-le-yoga-au-dela-dune-pratique-physique\/","og_site_name":"Z\u00e9ro Gravit\u00e9","article_publisher":"https:\/\/www.facebook.com\/0gravite","article_published_time":"2026-03-24T18:02:55+00:00","article_modified_time":"2026-03-24T19:24:51+00:00","og_image":[{"width":2048,"height":2560,"url":"https:\/\/zero-gravite.ca\/wp-content\/uploads\/2026\/03\/ZG_GABARIT_PUB-BLOGUE_formationPro_web-scaled.jpg","type":"image\/jpeg"}],"author":"communication","twitter_card":"summary_large_image","twitter_misc":{"Written by":"communication","Est. reading time":"4 minutes"},"schema":{"@context":"https:\/\/schema.org","@graph":[{"@type":"Article","@id":"https:\/\/zero-gravite.ca\/en\/formation-professorale-le-yoga-au-dela-dune-pratique-physique\/#article","isPartOf":{"@id":"https:\/\/zero-gravite.ca\/en\/formation-professorale-le-yoga-au-dela-dune-pratique-physique\/"},"author":{"name":"communication","@id":"https:\/\/zero-gravite.ca\/en\/#\/schema\/person\/bd12ca24d16588c3cea79c2d92005c73"},"headline":"Zero Gravity Yoga Teacher Training : Yoga Beyond a Physical Practice","datePublished":"2026-03-24T18:02:55+00:00","dateModified":"2026-03-24T19:24:51+00:00","mainEntityOfPage":{"@id":"https:\/\/zero-gravite.ca\/en\/formation-professorale-le-yoga-au-dela-dune-pratique-physique\/"},"wordCount":835,"publisher":{"@id":"https:\/\/zero-gravite.ca\/en\/#organization"},"image":{"@id":"https:\/\/zero-gravite.ca\/en\/formation-professorale-le-yoga-au-dela-dune-pratique-physique\/#primaryimage"},"thumbnailUrl":"https:\/\/zero-gravite.ca\/wp-content\/uploads\/2026\/03\/ZG_GABARIT_PUB-BLOGUE_formationPro_web-scaled.jpg","articleSection":["Blog"],"inLanguage":"en-US"},{"@type":"WebPage","@id":"https:\/\/zero-gravite.ca\/en\/formation-professorale-le-yoga-au-dela-dune-pratique-physique\/","url":"https:\/\/zero-gravite.ca\/en\/formation-professorale-le-yoga-au-dela-dune-pratique-physique\/","name":"Z\u00e9ro Gravit\u00e9 | Z\u00e9ro Gravit\u00e9","isPartOf":{"@id":"https:\/\/zero-gravite.ca\/en\/#website"},"primaryImageOfPage":{"@id":"https:\/\/zero-gravite.ca\/en\/formation-professorale-le-yoga-au-dela-dune-pratique-physique\/#primaryimage"},"image":{"@id":"https:\/\/zero-gravite.ca\/en\/formation-professorale-le-yoga-au-dela-dune-pratique-physique\/#primaryimage"},"thumbnailUrl":"https:\/\/zero-gravite.ca\/wp-content\/uploads\/2026\/03\/ZG_GABARIT_PUB-BLOGUE_formationPro_web-scaled.jpg","datePublished":"2026-03-24T18:02:55+00:00","dateModified":"2026-03-24T19:24:51+00:00","description":"Led by Fran\u00e7ois, a yoga instructor at Z\u00e9ro Gravit\u00e9, the training takes place on Friday afternoons and every other Saturday. It is structured around the eight pillars of yoga, offering a balance between theory and practice. The goal is to provide students with a solid foundation, both technically and philosophically, while adapting these ancient teachings to the modern world.","breadcrumb":{"@id":"https:\/\/zero-gravite.ca\/en\/formation-professorale-le-yoga-au-dela-dune-pratique-physique\/#breadcrumb"},"inLanguage":"en-US","potentialAction":[{"@type":"ReadAction","target":["https:\/\/zero-gravite.ca\/en\/formation-professorale-le-yoga-au-dela-dune-pratique-physique\/"]}]},{"@type":"ImageObject","inLanguage":"en-US","@id":"https:\/\/zero-gravite.ca\/en\/formation-professorale-le-yoga-au-dela-dune-pratique-physique\/#primaryimage","url":"https:\/\/zero-gravite.ca\/wp-content\/uploads\/2026\/03\/ZG_GABARIT_PUB-BLOGUE_formationPro_web-scaled.jpg","contentUrl":"https:\/\/zero-gravite.ca\/wp-content\/uploads\/2026\/03\/ZG_GABARIT_PUB-BLOGUE_formationPro_web-scaled.jpg","width":2048,"height":2560,"caption":"Formation Professorale de yoga, Z\u00e9ro Gravit\u00e9 Yoga & escalade Montr\u00e9al"},{"@type":"BreadcrumbList","@id":"https:\/\/zero-gravite.ca\/en\/formation-professorale-le-yoga-au-dela-dune-pratique-physique\/#breadcrumb","itemListElement":[{"@type":"ListItem","position":1,"name":"Accueil","item":"https:\/\/zero-gravite.ca\/en\/"},{"@type":"ListItem","position":2,"name":"Zero Gravity Yoga Teacher Training : Yoga Beyond a Physical Practice"}]},{"@type":"WebSite","@id":"https:\/\/zero-gravite.ca\/en\/#website","url":"https:\/\/zero-gravite.ca\/en\/","name":"Z\u00e9ro Gravit\u00e9","description":"Escalade et yoga au coeur de Montr\u00e9al","publisher":{"@id":"https:\/\/zero-gravite.ca\/en\/#organization"},"potentialAction":[{"@type":"SearchAction","target":{"@type":"EntryPoint","urlTemplate":"https:\/\/zero-gravite.ca\/en\/?s={search_term_string}"},"query-input":"required name=search_term_string"}],"inLanguage":"en-US"},{"@type":"Organization","@id":"https:\/\/zero-gravite.ca\/en\/#organization","name":"Z\u00e9ro Gravit\u00e9 escalade & yoga","url":"https:\/\/zero-gravite.ca\/en\/","logo":{"@type":"ImageObject","inLanguage":"en-US","@id":"https:\/\/zero-gravite.ca\/en\/#\/schema\/logo\/image\/","url":"https:\/\/zero-gravite.ca\/wp-content\/uploads\/2022\/02\/ZG_Logo_Classic_CMYK.png","contentUrl":"https:\/\/zero-gravite.ca\/wp-content\/uploads\/2022\/02\/ZG_Logo_Classic_CMYK.png","width":1777,"height":1600,"caption":"Z\u00e9ro Gravit\u00e9 escalade & yoga"},"image":{"@id":"https:\/\/zero-gravite.ca\/en\/#\/schema\/logo\/image\/"},"sameAs":["https:\/\/www.facebook.com\/0gravite","https:\/\/www.instagram.com\/zero.gravite"]},{"@type":"Person","@id":"https:\/\/zero-gravite.ca\/en\/#\/schema\/person\/bd12ca24d16588c3cea79c2d92005c73","name":"communication","image":{"@type":"ImageObject","inLanguage":"en-US","@id":"https:\/\/zero-gravite.ca\/en\/#\/schema\/person\/image\/","url":"https:\/\/secure.gravatar.com\/avatar\/0643c0ff9239ad3e360cec6bda16d461ff9fd2ec3db30dae6a0a3e24fda13de6?s=96&d=mm&r=g","contentUrl":"https:\/\/secure.gravatar.com\/avatar\/0643c0ff9239ad3e360cec6bda16d461ff9fd2ec3db30dae6a0a3e24fda13de6?s=96&d=mm&r=g","caption":"communication"}}]}},"publishpress_future_action":{"enabled":false,"date":"2026-05-09 08:37:24","action":"change-status","newStatus":"draft","terms":[],"taxonomy":"category"},"_links":{"self":[{"href":"https:\/\/zero-gravite.ca\/en\/wp-json\/wp\/v2\/posts\/21844","targetHints":{"allow":["GET"]}}],"collection":[{"href":"https:\/\/zero-gravite.ca\/en\/wp-json\/wp\/v2\/posts"}],"about":[{"href":"https:\/\/zero-gravite.ca\/en\/wp-json\/wp\/v2\/types\/post"}],"author":[{"embeddable":true,"href":"https:\/\/zero-gravite.ca\/en\/wp-json\/wp\/v2\/users\/23"}],"replies":[{"embeddable":true,"href":"https:\/\/zero-gravite.ca\/en\/wp-json\/wp\/v2\/comments?post=21844"}],"version-history":[{"count":2,"href":"https:\/\/zero-gravite.ca\/en\/wp-json\/wp\/v2\/posts\/21844\/revisions"}],"predecessor-version":[{"id":21846,"href":"https:\/\/zero-gravite.ca\/en\/wp-json\/wp\/v2\/posts\/21844\/revisions\/21846"}],"wp:featuredmedia":[{"embeddable":true,"href":"https:\/\/zero-gravite.ca\/en\/wp-json\/wp\/v2\/media\/21843"}],"wp:attachment":[{"href":"https:\/\/zero-gravite.ca\/en\/wp-json\/wp\/v2\/media?parent=21844"}],"wp:term":[{"taxonomy":"category","embeddable":true,"href":"https:\/\/zero-gravite.ca\/en\/wp-json\/wp\/v2\/categories?post=21844"},{"taxonomy":"post_tag","embeddable":true,"href":"https:\/\/zero-gravite.ca\/en\/wp-json\/wp\/v2\/tags?post=21844"}],"curies":[{"name":"wp","href":"https:\/\/api.w.org\/{rel}","templated":true}]}}